{"id":611,"date":"2024-06-10T10:38:54","date_gmt":"2024-06-10T08:38:54","guid":{"rendered":"https:\/\/www.wuestefilm-west.de\/?p=611"},"modified":"2024-06-10T10:38:54","modified_gmt":"2024-06-10T08:38:54","slug":"drehstart-fuer-serie-die-quellen-des-boesen","status":"publish","type":"post","link":"https:\/\/www.wuestefilm-west.de\/en\/drehstart-fuer-serie-die-quellen-des-boesen\/","title":{"rendered":"Start of shooting for series &#8220;The Roots of Evil&#8221;!"},"content":{"rendered":"<p>Filming of our six-part series &#8220;The Roots of Evil&#8221; has begun in Hamburg and Schleswig-Holstein. Filming is also taking place in Mecklenburg-Vorpommern and Sachsen-Anhalt. Stephan Rick is directing, and head writer Catharina Junk and writer Elke Schuch are responsible for the screenplays.<br \/>\nAn East German detective (Henriette Confurius) and her new partner from Hamburg (Fahri Yardim) follow a serial killer whose trail leads them into the dark depths of the German-German past. There they come across a previously undiscovered, bizarre series of murders.<br \/>\nRTL+ is on board as a partner and plans to show &#8220;The Roots of Evil&#8221; in 2023. Federation Entertainment will be responsible for international sales. The series is supported by MOIN Filmf\u00f6rderung Hamburg Schleswig-Holstein, MV Filmf\u00f6rderung, Mitteldeutsche Medienf\u00f6rderung (MDM), Verwertungsgesellschaft Rundfunk \u00d6sterreich and the German Motion Picture Fund (GMPF).<\/p>\n<p>\u00a9 W\u00fcste Medien GmbH \/ Photo: Anke Neugebauer<\/p>","protected":false},"excerpt":{"rendered":"<p>Filming of our six-part series &#8220;The Roots of Evil&#8221; has begun in Hamburg and Schleswig-Holstein. Filming is also taking place&#8230; <a class=\"moretag\" href=\"https:\/\/www.wuestefilm-west.de\/en\/drehstart-fuer-serie-die-quellen-des-boesen\/\">&rarr; Read more<\/a><\/p>\n","protected":false},"author":1,"featured_media":604,"comment_status":"closed","ping_status":"closed","sticky":false,"template":"","format":"standard","meta":{"footnotes":""},"categories":[1],"tags":[],"_links":{"self":[{"href":"https:\/\/www.wuestefilm-west.de\/en\/wp-json\/wp\/v2\/posts\/611"}],"collection":[{"href":"https:\/\/www.wuestefilm-west.de\/en\/wp-json\/wp\/v2\/posts"}],"about":[{"href":"https:\/\/www.wuestefilm-west.de\/en\/wp-json\/wp\/v2\/types\/post"}],"author":[{"embeddable":true,"href":"https:\/\/www.wuestefilm-west.de\/en\/wp-json\/wp\/v2\/users\/1"}],"replies":[{"embeddable":true,"href":"https:\/\/www.wuestefilm-west.de\/en\/wp-json\/wp\/v2\/comments?post=611"}],"version-history":[{"count":1,"href":"https:\/\/www.wuestefilm-west.de\/en\/wp-json\/wp\/v2\/posts\/611\/revisions"}],"predecessor-version":[{"id":612,"href":"https:\/\/www.wuestefilm-west.de\/en\/wp-json\/wp\/v2\/posts\/611\/revisions\/612"}],"wp:featuredmedia":[{"embeddable":true,"href":"https:\/\/www.wuestefilm-west.de\/en\/wp-json\/wp\/v2\/media\/604"}],"wp:attachment":[{"href":"https:\/\/www.wuestefilm-west.de\/en\/wp-json\/wp\/v2\/media?parent=611"}],"wp:term":[{"taxonomy":"category","embeddable":true,"href":"https:\/\/www.wuestefilm-west.de\/en\/wp-json\/wp\/v2\/categories?post=611"},{"taxonomy":"post_tag","embeddable":true,"href":"https:\/\/www.wuestefilm-west.de\/en\/wp-json\/wp\/v2\/tags?post=611"}],"curies":[{"name":"wp","href":"https:\/\/api.w.org\/{rel}","templated":true}]}}